{"id":386,"date":"2019-06-27T14:31:38","date_gmt":"2019-06-27T12:31:38","guid":{"rendered":"http:\/\/irn-medical-humanities.org\/?p=386"},"modified":"2021-02-18T17:48:08","modified_gmt":"2021-02-18T16:48:08","slug":"congres-du-college-des-humanites-medicales-27-28-juin-2019-paris-diderot","status":"publish","type":"post","link":"https:\/\/irn-medical-humanities.org\/index.php\/2019\/06\/27\/congres-du-college-des-humanites-medicales-27-28-juin-2019-paris-diderot\/","title":{"rendered":"Congr\u00e8s du Coll\u00e8ge des humanit\u00e9s m\u00e9dicales &#8211; 27\/28 juin 2019 &#8211; Paris Diderot"},"content":{"rendered":"\n<p class=\"has-text-align-center\">Le 8\u00e8 Congr\u00e8s du Coll\u00e8ge des humanit\u00e9s m\u00e9dicales (COLHUM) \u2013 Coll\u00e8ge des enseignant\u00b7e\u00b7s de sciences humaines et sociales en m\u00e9decine et sant\u00e9<br><br><strong>\u00ab Recherche en sant\u00e9, formation des soignants :<\/strong><br><strong>agir dans les r\u00e9volutions en cou<\/strong>rs \u00bb<\/p>\n\n\n\n<p class=\"has-text-align-center\">Jeudi 27 et vendredi 28 juin 2019<br>Universit\u00e9 Paris-Diderot<\/p>\n\n\n\n<h5 class=\"wp-block-heading\">Appels \u00e0 communication<\/h5>\n\n\n\n<p>Des acteurs de plus en plus nombreux et de plus en vari\u00e9s se m\u00ealent du devenir de notre syst\u00e8me de sant\u00e9. La voix des \u00e9tudiants, comme celle des patients, ont gagn\u00e9 ces derni\u00e8res ann\u00e9es en importance. Les sujets de questionnement sont nombreux : \u00e0 propos de l\u2019acc\u00e8s et de la r\u00e9partition sur le territoire des professionnels, de leurs modes d\u2019exercice, des connaissances et comp\u00e9tences attendues par les patients, des mutations<br>du mod\u00e8le socio-sanitaire, des changements induits par les technologies traitant les donn\u00e9es de sant\u00e9, des in\u00e9galit\u00e9s sociales induites ou reproduites par l\u2019institution de la sant\u00e9, de l\u2019\u00e9mergence de nouveaux acteurs et de nouveaux savoirs, etc.<\/p>\n\n\n\n<p>Le Congr\u00e8s s\u2019interrogera sur la place et le r\u00f4le que peuvent jouer les humanit\u00e9s et les Sciences Sociales dans ces questionnements qui concernent aussi bien la formation que le soin et la recherche en sant\u00e9. Les \u00e9tudes de sant\u00e9 sont notamment \u00e0 la veille de transformations d\u2019ampleur : fin de la premi\u00e8re ann\u00e9e commune aux \u00e9tudes en sant\u00e9, du numerus clausus, des \u00e9preuves classantes nationales informatis\u00e9es, mise en place de<br>l\u2019universitarisation des fili\u00e8res de sciences infirmi\u00e8res, etc. Quelle sera la place des sciences humaines et sociales en sant\u00e9 et des humanit\u00e9s m\u00e9dicales, qui sont inscrites dans le cursus depuis les ann\u00e9es 1990 ? Quels peuvent \u00eatre leurs apports aux comp\u00e9tences cliniques, aux ressources critiques, aux innovations p\u00e9dagogiques ?<\/p>\n\n\n\n<p>Les r\u00e9formes des \u00e9tudes de sant\u00e9 accompagnent des discours et des pratiques qui se r\u00e9clament de changements sociaux et institutionnels plus profonds, et qui, pour certains, sont d\u00e9j\u00e0 entam\u00e9s voire achev\u00e9s, quand d\u2019autres sont seulement anticip\u00e9s ou \u00ab promis \u00bb. Sur le terrain des lieux de soin, des laboratoires, des facult\u00e9s, des r\u00e9seaux sociaux, des arts et de la cr\u00e9ation, quels probl\u00e8mes, quels r\u00f4les, quels d\u00e9fis s\u2019offrent \u00e0 l\u2019exploration interdisciplinaire des humanit\u00e9s m\u00e9dicales ? Le colloque s\u2019adresse \u00e0 toute personne concern\u00e9e par les formations en sant\u00e9, tant enseignants qu\u2019enseign\u00e9s, et impliqu\u00e9e dans les multiples champs de la recherche en<br>sciences humaines et sociales en sant\u00e9.<\/p>\n\n\n\n<p>Les th\u00e9matiques suivantes, sans \u00eatre exhaustives ou limitatives, seront<br>particuli\u00e8rement abord\u00e9es :<\/p>\n\n\n\n<ul class=\"wp-block-list\"><li>La diversit\u00e9 des courants et des pratiques des humanit\u00e9s en sant\u00e9 ;<\/li><li>Les humanit\u00e9s m\u00e9dicales et les institutions de soin ;<\/li><li>Les humanit\u00e9s m\u00e9dicales et les technologies (m\u00e9dicaments, diagnostics, base de donn\u00e9es) ;<\/li><li>Les humanit\u00e9s et les sp\u00e9cialit\u00e9s m\u00e9dicales (m\u00e9decine g\u00e9n\u00e9rale, psychiatrie, g\u00e9riatrie, m\u00e9decine interne, etc.) ;<\/li><li>Les humanit\u00e9s m\u00e9dicales et les arts (th\u00e9\u00e2tre, cin\u00e9ma, danse, litt\u00e9rature, etc.) ;<\/li><li>Les humanit\u00e9s m\u00e9dicales 2.0 ;<\/li><li>Les sciences humaines et sociales dans la formation m\u00e9dicale (r\u00e9forme du premier cycle, r\u00e9forme du second cycle) et dans les sciences infirmi\u00e8res, la r\u00e9adaptation, etc.<\/li><li>Les humanit\u00e9s m\u00e9dicales et la place des patients dans la formation ;&nbsp;<\/li><li>L\u2019enseignement des humanit\u00e9s m\u00e9dicales \u00e0 l\u2019\u00e9tranger.<\/li><\/ul>\n\n\n\n<p>Les propositions d\u2019intervention et de session seront \u00e0 d\u00e9poser avant la fin mars 2019 sur la plateforme : <a href=\"https:\/\/colhum2019.sciencesconf.org\/\"><strong>https:\/\/colhum2019.sciencesconf.org\/<\/strong><\/a><\/p>\n","protected":false},"excerpt":{"rendered":"<p>Le 8\u00e8 Congr\u00e8s du Coll\u00e8ge des humanit\u00e9s m\u00e9dicales (COLHUM) \u2013 Coll\u00e8ge des enseignant\u00b7e\u00b7s de sciences humaines et sociales en m\u00e9decine et sant\u00e9 \u00ab Recherche en sant\u00e9, formation des soignants :agir dans les r\u00e9volutions en cours \u00bb Jeudi 27 et vendredi 28 juin 2019Universit\u00e9 Paris-Diderot Appels \u00e0 communication Des acteurs de [&hellip;]<\/p>\n","protected":false},"author":3,"featured_media":389,"comment_status":"closed","ping_status":"open","sticky":false,"template":"","format":"standard","meta":{"footnotes":""},"categories":[13,7],"tags":[],"class_list":["post-386","post","type-post","status-publish","format-standard","has-post-thumbnail","hentry","category-colloque-je-exterieurs","category-colloque-journees-etude"],"_links":{"self":[{"href":"https:\/\/irn-medical-humanities.org\/index.php\/wp-json\/wp\/v2\/posts\/386","targetHints":{"allow":["GET"]}}],"collection":[{"href":"https:\/\/irn-medical-humanities.org\/index.php\/wp-json\/wp\/v2\/posts"}],"about":[{"href":"https:\/\/irn-medical-humanities.org\/index.php\/wp-json\/wp\/v2\/types\/post"}],"author":[{"embeddable":true,"href":"https:\/\/irn-medical-humanities.org\/index.php\/wp-json\/wp\/v2\/users\/3"}],"replies":[{"embeddable":true,"href":"https:\/\/irn-medical-humanities.org\/index.php\/wp-json\/wp\/v2\/comments?post=386"}],"version-history":[{"count":2,"href":"https:\/\/irn-medical-humanities.org\/index.php\/wp-json\/wp\/v2\/posts\/386\/revisions"}],"predecessor-version":[{"id":388,"href":"https:\/\/irn-medical-humanities.org\/index.php\/wp-json\/wp\/v2\/posts\/386\/revisions\/388"}],"wp:featuredmedia":[{"embeddable":true,"href":"https:\/\/irn-medical-humanities.org\/index.php\/wp-json\/wp\/v2\/media\/389"}],"wp:attachment":[{"href":"https:\/\/irn-medical-humanities.org\/index.php\/wp-json\/wp\/v2\/media?parent=386"}],"wp:term":[{"taxonomy":"category","embeddable":true,"href":"https:\/\/irn-medical-humanities.org\/index.php\/wp-json\/wp\/v2\/categories?post=386"},{"taxonomy":"post_tag","embeddable":true,"href":"https:\/\/irn-medical-humanities.org\/index.php\/wp-json\/wp\/v2\/tags?post=386"}],"curies":[{"name":"wp","href":"https:\/\/api.w.org\/{rel}","templated":true}]}}